{"id":1226,"date":"2018-11-14T10:11:27","date_gmt":"2018-11-14T09:11:27","guid":{"rendered":"https:\/\/staging.mobimofmservice.ch\/eroeffnung-einer-niederlassung-in-lausanne\/"},"modified":"2018-12-06T13:54:52","modified_gmt":"2018-12-06T12:54:52","slug":"eroeffnung-einer-niederlassung-in-lausanne","status":"publish","type":"post","link":"https:\/\/staging.mobimofmservice.ch\/fr\/eroeffnung-einer-niederlassung-in-lausanne\/","title":{"rendered":"Prise en charge du Facility Management op\u00e9rationnel dans le Quartier du Flon"},"content":{"rendered":"<p>L\u2019int\u00e9gralit\u00e9 du Facility Management op\u00e9rationnel dans le quartier du Flon sera reprise au 1er janvier 2019 par Mobimo FM Service SA afin d\u2019augmenter les prestations, la qualit\u00e9, la r\u00e9activit\u00e9 en conservant \u00e0 l\u2019esprit le service \u00e0 la client\u00e8le finale \u00e0 savoir les locataires priv\u00e9s ou commerciaux, les commerces de d\u00e9tail et les visiteurs du quartier. La succursale est plac\u00e9e sous la direction de Christophe Marin et de son suppl\u00e9ant Jos\u00e9 Moura, aussi responsable technique.<\/p>\n<p>Nous nous r\u00e9jouissons \u00e0 la perspective d\u2019une collaboration fructueuse \u00e0 Lausanne et souhaitons beaucoup de succ\u00e8s \u00e0 notre nouvelle \u00e9quipe en Suisse romande.<\/p>\n","protected":false},"excerpt":{"rendered":"<p>L\u2019int\u00e9gralit\u00e9 du Facility Management op\u00e9rationnel dans le quartier du Flon sera reprise au 1er janvier 2019 par Mobimo FM Service SA afin d\u2019augmenter les prestations, la qualit\u00e9, la r\u00e9activit\u00e9 en conservant \u00e0 l\u2019esprit le service \u00e0 la client\u00e8le finale \u00e0 savoir les locataires priv\u00e9s ou commerciaux, les commerces de d\u00e9tail et les visiteurs du quartier. La succursale est plac\u00e9e sous [&hellip;]<\/p>\n","protected":false},"author":5,"featured_media":1135,"comment_status":"closed","ping_status":"closed","sticky":false,"template":"","format":"standard","meta":{"inline_featured_image":false,"footnotes":""},"categories":[31],"tags":[],"class_list":["post-1226","post","type-post","status-publish","format-standard","has-post-thumbnail","hentry","category-nouveautes-de-lentreprise"],"_links":{"self":[{"href":"https:\/\/staging.mobimofmservice.ch\/fr\/wp-json\/wp\/v2\/posts\/1226","targetHints":{"allow":["GET"]}}],"collection":[{"href":"https:\/\/staging.mobimofmservice.ch\/fr\/wp-json\/wp\/v2\/posts"}],"about":[{"href":"https:\/\/staging.mobimofmservice.ch\/fr\/wp-json\/wp\/v2\/types\/post"}],"author":[{"embeddable":true,"href":"https:\/\/staging.mobimofmservice.ch\/fr\/wp-json\/wp\/v2\/users\/5"}],"replies":[{"embeddable":true,"href":"https:\/\/staging.mobimofmservice.ch\/fr\/wp-json\/wp\/v2\/comments?post=1226"}],"version-history":[{"count":3,"href":"https:\/\/staging.mobimofmservice.ch\/fr\/wp-json\/wp\/v2\/posts\/1226\/revisions"}],"predecessor-version":[{"id":1302,"href":"https:\/\/staging.mobimofmservice.ch\/fr\/wp-json\/wp\/v2\/posts\/1226\/revisions\/1302"}],"wp:featuredmedia":[{"embeddable":true,"href":"https:\/\/staging.mobimofmservice.ch\/fr\/wp-json\/wp\/v2\/media\/1135"}],"wp:attachment":[{"href":"https:\/\/staging.mobimofmservice.ch\/fr\/wp-json\/wp\/v2\/media?parent=1226"}],"wp:term":[{"taxonomy":"category","embeddable":true,"href":"https:\/\/staging.mobimofmservice.ch\/fr\/wp-json\/wp\/v2\/categories?post=1226"},{"taxonomy":"post_tag","embeddable":true,"href":"https:\/\/staging.mobimofmservice.ch\/fr\/wp-json\/wp\/v2\/tags?post=1226"}],"curies":[{"name":"wp","href":"https:\/\/api.w.org\/{rel}","templated":true}]}}