{"id":1229,"date":"2018-11-01T10:07:27","date_gmt":"2018-11-01T09:07:27","guid":{"rendered":"https:\/\/staging.mobimofmservice.ch\/wir-heissen-jetzt-mobimo-fm-service\/"},"modified":"2018-12-06T13:52:54","modified_gmt":"2018-12-06T12:52:54","slug":"wir-heissen-jetzt-mobimo-fm-service","status":"publish","type":"post","link":"https:\/\/staging.mobimofmservice.ch\/fr\/wir-heissen-jetzt-mobimo-fm-service\/","title":{"rendered":"D\u00e9sormais, nous nous appelons \u00ab Mobimo FM Service \u00bb"},"content":{"rendered":"<p>Mobimo a fond\u00e9 en 2014 FM Service &amp; Dienstleistungs AG en tant que joint-venture. L\u2019int\u00e9gration compl\u00e8te dans le groupe Mobimo est intervenue en 2016, Mobimo engageant ainsi une mesure importante en faveur d\u2019une plus grande qualit\u00e9 et orientation-client en mati\u00e8re de facility management.<\/p>\n<p>Filiale \u00e0 cent pour cent de Mobimo, \u00abFM Service &amp; Dienstleistungs AG\u00bb sera d\u00e9sormais pr\u00e9sente \u00e0 partir du 1er novembre 2018 en Suisse al\u00e9manique sous le nom de \u00abMobimo FM Service AG\u00bb, et \u00e0 compter du 1er janvier 2019 en Suisse romande sous le nom de \u00abMobimo FM Service SA\u00bb.<\/p>\n<p>Afin de consolider \u00e0 la fois l\u2019orientation-client et la qualit\u00e9 ainsi que l\u2019identification des collaborateurs \u00e0 la soci\u00e9t\u00e9, le nom de la soci\u00e9t\u00e9 et son identit\u00e9 visuelle ont \u00e9t\u00e9 con\u00e7us pour pouvoir \u00eatre utilis\u00e9s aussi bien dans les r\u00e9gions germanophones que francophones.<\/p>\n","protected":false},"excerpt":{"rendered":"<p>Mobimo a fond\u00e9 en 2014 FM Service &amp; Dienstleistungs AG en tant que joint-venture. L\u2019int\u00e9gration compl\u00e8te dans le groupe Mobimo est intervenue en 2016, Mobimo engageant ainsi une mesure importante en faveur d\u2019une plus grande qualit\u00e9 et orientation-client en mati\u00e8re de facility management. Filiale \u00e0 cent pour cent de Mobimo, \u00abFM Service &amp; Dienstleistungs AG\u00bb sera d\u00e9sormais pr\u00e9sente \u00e0 partir [&hellip;]<\/p>\n","protected":false},"author":5,"featured_media":1148,"comment_status":"closed","ping_status":"closed","sticky":false,"template":"","format":"standard","meta":{"inline_featured_image":false,"footnotes":""},"categories":[31],"tags":[],"class_list":["post-1229","post","type-post","status-publish","format-standard","has-post-thumbnail","hentry","category-nouveautes-de-lentreprise"],"_links":{"self":[{"href":"https:\/\/staging.mobimofmservice.ch\/fr\/wp-json\/wp\/v2\/posts\/1229","targetHints":{"allow":["GET"]}}],"collection":[{"href":"https:\/\/staging.mobimofmservice.ch\/fr\/wp-json\/wp\/v2\/posts"}],"about":[{"href":"https:\/\/staging.mobimofmservice.ch\/fr\/wp-json\/wp\/v2\/types\/post"}],"author":[{"embeddable":true,"href":"https:\/\/staging.mobimofmservice.ch\/fr\/wp-json\/wp\/v2\/users\/5"}],"replies":[{"embeddable":true,"href":"https:\/\/staging.mobimofmservice.ch\/fr\/wp-json\/wp\/v2\/comments?post=1229"}],"version-history":[{"count":4,"href":"https:\/\/staging.mobimofmservice.ch\/fr\/wp-json\/wp\/v2\/posts\/1229\/revisions"}],"predecessor-version":[{"id":1301,"href":"https:\/\/staging.mobimofmservice.ch\/fr\/wp-json\/wp\/v2\/posts\/1229\/revisions\/1301"}],"wp:featuredmedia":[{"embeddable":true,"href":"https:\/\/staging.mobimofmservice.ch\/fr\/wp-json\/wp\/v2\/media\/1148"}],"wp:attachment":[{"href":"https:\/\/staging.mobimofmservice.ch\/fr\/wp-json\/wp\/v2\/media?parent=1229"}],"wp:term":[{"taxonomy":"category","embeddable":true,"href":"https:\/\/staging.mobimofmservice.ch\/fr\/wp-json\/wp\/v2\/categories?post=1229"},{"taxonomy":"post_tag","embeddable":true,"href":"https:\/\/staging.mobimofmservice.ch\/fr\/wp-json\/wp\/v2\/tags?post=1229"}],"curies":[{"name":"wp","href":"https:\/\/api.w.org\/{rel}","templated":true}]}}