{"id":1504,"date":"2019-09-05T16:55:36","date_gmt":"2019-09-05T14:55:36","guid":{"rendered":"https:\/\/staging.mobimofmservice.ch\/?p=1504"},"modified":"2025-11-12T08:27:36","modified_gmt":"2025-11-12T07:27:36","slug":"vivre-son-metier","status":"publish","type":"post","link":"https:\/\/staging.mobimofmservice.ch\/fr\/vivre-son-metier\/","title":{"rendered":"\u00ab\u00a0Vivre son m\u00e9tier\u00a0\u00bb"},"content":{"rendered":"<h2>Portrait : Jos\u00e9 Moura, directeur technique chez Mobimo FM Service SA<\/h2>\n<p>Le matin, \u00e0 six heures moins le quart, quand Jos\u00e9 Moura lit les nouvelles sur son t\u00e9l\u00e9phone portable, il fait g\u00e9n\u00e9ralement encore nuit dehors. S&#8217;est-il pass\u00e9 quelque chose cette nuit que son \u00e9quipe pourrait remettre en bon \u00e9tat ? Ses employ\u00e9s ont-ils besoin de son soutien ? L\u2019\u00e9quipe est-elle au complet aujourd\u2019hui ? Jos\u00e9 Moura s\u2019informe sur tous les travaux entrepris par son \u00e9quipe et conna\u00eet chaque recoin du Quartier du Flon.<\/p>\n<p>\u00ab\u00a0Je suis \u00e9galement joignable le week-end, car un service de quartier fonctionne sept jours sur sept\u00a0\u00bb. Qu&#8217;il s&#8217;agisse de jours de semaine, de week-ends ou de manifestations exceptionnelles comme des concerts ou des festivals de rue, c\u2019est chez Jos\u00e9 Moura que tous les fils convergent : de la logistique, la technique, la s\u00e9curit\u00e9 et du nettoyage \u00e0 la mise en \u0153uvre des plans d&#8217;avenir du quartier en plein essor.<\/p>\n<h3>Quartier du Flon \u2013 une ville dans la ville<\/h3>\n<p>En 2009, Mobimo Management SA a repris l&#8217;ancien quartier industriel. Depuis le d\u00e9but de l&#8217;ann\u00e9e 2019, Mobimo FM Service SA est responsable de la gestion des installations du Quartier du Flon, qui s&#8217;\u00e9tend progressivement. Actuellement, cela comprend les salles publiques et une partie des zones accessibles au public de certains b\u00e2timents du quartier. Le Flon couvre une superficie de 55\u2019000 kilom\u00e8tres carr\u00e9s \u2013 \u00e0 titre de comparaison : d\u2019apr\u00e8s les standards de la Fifa et de l\u2019Uefa, un terrain de football mesure 105 x 68 m\u00e8tres, ce qui correspond \u00e0 une superficie de 7\u2019140 m\u00e8tres carr\u00e9s.<\/p>\n<p>\u00ab\u00a0Il est important de vivre le concept de service et d&#8217;\u00eatre fier de pouvoir travailler dans le Flon\u00a0\u00bb, dit Jos\u00e9 Moura. \u00ab\u00a0Car pour les 20\u2019000 passants et visiteurs quotidiens, nous repr\u00e9sentons Mobimo dans son ensemble\u00a0\u00bb.<\/p>\n<h3>Une course contre la montre<\/h3>\n<p>Jos\u00e9 Moura est aussi responsable du nettoyage du Parking du Centre de quatre \u00e9tages. La cage d&#8217;escalier du parking sent bon la fra\u00eecheur. Ce n\u2019est pas \u00e9vident, car \u00e0 l&#8217;aube, une course contre la montre commence pour l&#8217;\u00e9quipe du Flon : d&#8217;abord, il faut essuyer et passer l&#8217;aspirateur, puis laver et s\u00e9cher avec les machines de nettoyage sp\u00e9cialement \u00e9quip\u00e9es. Ensuite, il faut contr\u00f4ler si les ascenseurs et les cages d&#8217;escalier sont propres. Les \u00e9clairages fonctionnent-ils, sont-ils bien visibles\u00a0? Les issues de secours sont-elles d\u00e9gag\u00e9es ? Tout doit \u00eatre parfait d\u00e8s l&#8217;arriv\u00e9e des premiers employ\u00e9s et visiteurs dans le Quartier du Flon.<\/p>\n<h3>\u00ab\u00a0Des nerfs d&#8217;acier et ne pas demander \u00e0 son \u00e9quipe ce que l\u2019on ne ferait soi-m\u00eame\u00a0!\u00a0\u00bb<\/h3>\n<p>Il appr\u00e9cie l&#8217;honn\u00eatet\u00e9 et une attitude claire : \u00ab\u00a0Je dois pouvoir compter sur mon \u00e9quipe et mon \u00e9quipe doit pouvoir compter sur moi\u00a0\u00bb, sait Jos\u00e9 Moura par exp\u00e9rience. \u00ab\u00a0Il faut \u00eatre capable de r\u00e9agir rapidement et professionnellement aux incidents\u00a0\u00bb. Le dialogue constant avec son sup\u00e9rieur Christophe Marin est \u00e9galement important. \u00ab\u00a0Nous en sommes encore \u00e0 la phase de mise en place dans le quartier du Flon et en dehors, il est donc essentiel d\u2019agir de mani\u00e8re flexible\u00a0\u00bb, ajoute-t-il.<\/p>\n<p>R\u00e9cemment, un week-end, il y a eu des d\u00e9g\u00e2ts d\u2019eau dans l&#8217;un des b\u00e2timents. Jos\u00e9 Moura est rapidement arriv\u00e9 sur place, a montr\u00e9 aux pompiers o\u00f9 se trouvent les conduites d&#8217;eau. Ensuite, il a v\u00e9rifi\u00e9 et sign\u00e9 tous les rapports.<\/p>\n<p>Jos\u00e9 Moura, Christophe Marin et sept sp\u00e9cialistes sont responsables de la gestion des installations sur place. Parmi eux, il y a trois sp\u00e9cialistes qui font fonctionner les machines de nettoyage lourdes et quatre concierges. L&#8217;\u00e9quipe bien rod\u00e9e de Flon veille \u00e0 ce que le quartier branch\u00e9 reste s\u00fbr et bien entretenu jour et nuit.<\/p>\n<div id=\"attachment_1510\" style=\"width: 1034px\" class=\"wp-caption alignnone\"><img loading=\"lazy\" decoding=\"async\" aria-describedby=\"caption-attachment-1510\" class=\"wp-image-1510 size-large\" src=\"https:\/\/staging.mobimofmservice.ch\/wp-content\/uploads\/2019\/09\/16.05.19_6x-1024x683.jpg\" alt=\"\" width=\"1024\" height=\"683\" srcset=\"https:\/\/staging.mobimofmservice.ch\/wp-content\/uploads\/2019\/09\/16.05.19_6x-1024x683.jpg 1024w, https:\/\/staging.mobimofmservice.ch\/wp-content\/uploads\/2019\/09\/16.05.19_6x-300x200.jpg 300w, https:\/\/staging.mobimofmservice.ch\/wp-content\/uploads\/2019\/09\/16.05.19_6x-768x512.jpg 768w, https:\/\/staging.mobimofmservice.ch\/wp-content\/uploads\/2019\/09\/16.05.19_6x-1800x1200.jpg 1800w, https:\/\/staging.mobimofmservice.ch\/wp-content\/uploads\/2019\/09\/16.05.19_6x-1280x853.jpg 1280w, https:\/\/staging.mobimofmservice.ch\/wp-content\/uploads\/2019\/09\/16.05.19_6x-1000x667.jpg 1000w\" sizes=\"auto, (max-width: 1024px) 100vw, 1024px\" \/><p id=\"caption-attachment-1510\" class=\"wp-caption-text\">Team op\u00e9rationnel avec le responsable Jos\u00e9 Moura<\/p><\/div>\n<h3>\u00catre bien inform\u00e9 et toujours pr\u00eat \u00e0 agir<\/h3>\n<p>Jos\u00e9 Moura et son \u00e9quipe travaillent en \u00e9troite collaboration avec le service de s\u00e9curit\u00e9 Protectas et la police, en particulier du jeudi soir au dimanche matin, lorsque les f\u00eatards sortent et beaucoup d\u2019entre eux ne rentrent pas \u00e0 la maison avant six heures du matin. Car d\u00e8s cinq heures du matin, les grandes machines de nettoyage commencent \u00e0 travailler dans les ruelles et les rues du quartier.<\/p>\n<p>\u00ab\u00a0Je dois \u00eatre capable d&#8217;estimer ce que je peux d\u00e9l\u00e9guer et quand on aura besoin de moi sur place. Par exemple, lorsqu&#8217;on m&#8217;a dit qu&#8217;une f\u00eate ill\u00e9gale se d\u00e9roulait dans l&#8217;un des b\u00e2timents dont la d\u00e9molition avait \u00e9t\u00e9 approuv\u00e9e, j&#8217;ai imm\u00e9diatement appel\u00e9 la police et lui ai demand\u00e9 de faire \u00e9vacuer le b\u00e2timent\u00a0\u00bb.<\/p>\n<h3>Ne rien laisser au hasard<\/h3>\n<p>Jos\u00e9 Moura a \u00e9labor\u00e9 tous les plans op\u00e9rationnels de l&#8217;\u00e9quipe du Flon. Pour ce faire, il a b\u00e9n\u00e9fici\u00e9 de sa connaissance approfondie du Quartier du Flon. Il conna\u00eet les proc\u00e9dures dans son quartier, sait quand les camions et quand les visiteurs arrivent. Et bien s\u00fbr, il sait aussi manipuler les machines de nettoyage lourdes \u2013 des grandes, qui peuvent contenir jusqu&#8217;\u00e0 1\u2019000 litres d&#8217;eau, aux plus petites machines \u00e9lectriques Glutton, qui nettoient m\u00eame les plus petites fissures dans le sol et peuvent \u00e9galement \u00eatre utilis\u00e9es l&#8217;apr\u00e8s-midi quand le quartier est tr\u00e8s anim\u00e9.<\/p>\n<div style=\"width: 1920px;\" class=\"wp-video\"><video class=\"wp-video-shortcode\" id=\"video-1504-1\" width=\"1920\" height=\"1080\" poster=\"https:\/\/staging.mobimofmservice.ch\/wp-content\/uploads\/2019\/09\/Bildschirmfoto-2019-09-06-um-10.31.43.png\" loop autoplay preload=\"metadata\" controls=\"controls\"><source type=\"video\/mp4\" src=\"https:\/\/staging.mobimofmservice.ch\/wp-content\/uploads\/2017\/08\/Glutton-Flon-V2-hq-720.mp4?_=1\" \/><a href=\"https:\/\/staging.mobimofmservice.ch\/wp-content\/uploads\/2017\/08\/Glutton-Flon-V2-hq-720.mp4\">https:\/\/staging.mobimofmservice.ch\/wp-content\/uploads\/2017\/08\/Glutton-Flon-V2-hq-720.mp4<\/a><\/video><\/div>\n<h3><\/h3>\n<h3>Tout est sous contr\u00f4le &#8211; m\u00eame pendant la phase d\u2019impl\u00e9mentation<\/h3>\n<p>G\u00e9n\u00e9ralement, il fait encore nuit lorsque les sp\u00e9cialistes se mettent au travail. C\u2019est pourquoi des contr\u00f4les de qualit\u00e9 sont n\u00e9cessaires pendant la journ\u00e9e. \u00ab\u00a0J&#8217;en discute directement avec les responsables afin de rem\u00e9dier \u00e0 d\u2019\u00e9ventuels d\u00e9fauts. Cela nous aide aussi \u00e0 nous am\u00e9liorer constamment en tant qu&#8217;\u00e9quipe.\u00a0\u00bb<\/p>\n<h3>Enfants jouant dans la fontaine<\/h3>\n<p>\u00ab\u00a0En Suisse romande, les concierges sont sp\u00e9cialis\u00e9s dans la technique et le nettoyage\u00a0\u00bb, explique Jos\u00e9 Moura. En plus, 200 conteneurs et 100 installations sanitaires publiques sont nettoy\u00e9s entre six et neuf heures du matin. Sans oublier les bancs, sous les rampes et les graffitis sur les murs. Et bien s\u00fbr la fontaine au milieu du quartier, pour que les enfants puissent y jouer en toute s\u00e9curit\u00e9.<\/p>\n<h3>Une attitude positive face \u00e0 la vie<\/h3>\n<p>Dans les ann\u00e9es 80, Jos\u00e9 Moura est venu du Portugal en Suisse &#8211; \u00e0 Lausanne. A cette \u00e9poque, le Quartier du Flon, ainsi nomm\u00e9 d&#8217;apr\u00e8s la rivi\u00e8re du m\u00eame nom, \u00e9tait encore un quartier industriel abandonn\u00e9 avec des entrep\u00f4ts et des magasins color\u00e9s. Depuis, le quartier a connu des changements majeurs. \u00ab Le Quartier du Flon est devenu une ville attrayante en plein c\u0153ur de la ville \u00bb, explique Jos\u00e9 Moura. Quand on lui demande comment il fait face \u00e0 une si grande responsabilit\u00e9, il r\u00e9pond : \u00ab J&#8217;essaie de voir le positif dans la vie ; cela m&#8217;aide \u00e0 consid\u00e9rer les d\u00e9fis de mani\u00e8re plus d\u00e9tendue \u00bb &#8211; et sourit.<\/p>\n","protected":false},"excerpt":{"rendered":"<p>Portrait : Jos\u00e9 Moura, directeur technique chez Mobimo FM Service SA Le matin, \u00e0 six heures moins le quart, quand Jos\u00e9 Moura lit les nouvelles sur son t\u00e9l\u00e9phone portable, il fait g\u00e9n\u00e9ralement encore nuit dehors. S&#8217;est-il pass\u00e9 quelque chose cette nuit que son \u00e9quipe pourrait remettre en bon \u00e9tat ? Ses employ\u00e9s ont-ils besoin de son soutien ? L\u2019\u00e9quipe est-elle [&hellip;]<\/p>\n","protected":false},"author":5,"featured_media":1509,"comment_status":"closed","ping_status":"closed","sticky":false,"template":"","format":"standard","meta":{"inline_featured_image":false,"footnotes":""},"categories":[104],"tags":[28,49,50,29,30],"class_list":["post-1504","post","type-post","status-publish","format-standard","has-post-thumbnail","hentry","category-fm-inside-fr","tag-karriere-fr","tag-flon-fr","tag-quartier-du-flon-fr","tag-sicherheit-fr","tag-technik-fr"],"_links":{"self":[{"href":"https:\/\/staging.mobimofmservice.ch\/fr\/wp-json\/wp\/v2\/posts\/1504","targetHints":{"allow":["GET"]}}],"collection":[{"href":"https:\/\/staging.mobimofmservice.ch\/fr\/wp-json\/wp\/v2\/posts"}],"about":[{"href":"https:\/\/staging.mobimofmservice.ch\/fr\/wp-json\/wp\/v2\/types\/post"}],"author":[{"embeddable":true,"href":"https:\/\/staging.mobimofmservice.ch\/fr\/wp-json\/wp\/v2\/users\/5"}],"replies":[{"embeddable":true,"href":"https:\/\/staging.mobimofmservice.ch\/fr\/wp-json\/wp\/v2\/comments?post=1504"}],"version-history":[{"count":8,"href":"https:\/\/staging.mobimofmservice.ch\/fr\/wp-json\/wp\/v2\/posts\/1504\/revisions"}],"predecessor-version":[{"id":1561,"href":"https:\/\/staging.mobimofmservice.ch\/fr\/wp-json\/wp\/v2\/posts\/1504\/revisions\/1561"}],"wp:featuredmedia":[{"embeddable":true,"href":"https:\/\/staging.mobimofmservice.ch\/fr\/wp-json\/wp\/v2\/media\/1509"}],"wp:attachment":[{"href":"https:\/\/staging.mobimofmservice.ch\/fr\/wp-json\/wp\/v2\/media?parent=1504"}],"wp:term":[{"taxonomy":"category","embeddable":true,"href":"https:\/\/staging.mobimofmservice.ch\/fr\/wp-json\/wp\/v2\/categories?post=1504"},{"taxonomy":"post_tag","embeddable":true,"href":"https:\/\/staging.mobimofmservice.ch\/fr\/wp-json\/wp\/v2\/tags?post=1504"}],"curies":[{"name":"wp","href":"https:\/\/api.w.org\/{rel}","templated":true}]}}