{"id":1753,"date":"2020-02-07T08:36:51","date_gmt":"2020-02-07T07:36:51","guid":{"rendered":"https:\/\/staging.mobimofmservice.ch\/?p=1753"},"modified":"2020-05-07T12:42:03","modified_gmt":"2020-05-07T10:42:03","slug":"la-flamme-olympique-a-lausanne","status":"publish","type":"post","link":"https:\/\/staging.mobimofmservice.ch\/fr\/la-flamme-olympique-a-lausanne\/","title":{"rendered":"La flamme olympique \u00e0 Lausanne"},"content":{"rendered":"<p><strong><em>Du 9 au 22 janvier, les Jeux Olympiques de la Jeunesse d&#8217;hiver ont envo\u00fbt\u00e9 Lausanne et sa r\u00e9gion. <a href=\"https:\/\/www.lausanne2020.sport\/fr\">Lausanne 2020<\/a> a fait \u0153uvre de pionnier dans la planification des Jeux olympiques de la jeunesse d&#8217;hiver en organisant des jeux durables et intelligents. <a href=\"https:\/\/staging.mobimofmservice.ch\/fr\/\">Mobimo FM Service SA<\/a> a \u00e9galement jou\u00e9 son r\u00f4le en apportant ses services FM pour que tout se passe bien au c\u0153ur du Quartier du <a href=\"https:\/\/flon.ch\/fr\/\">Flon<\/a>.<\/em><\/strong><\/p>\n<p>22 janvier 2020 &#8211; Le quartier du <a href=\"https:\/\/flon.ch\/fr\/\">Flon<\/a> \u00e0 Lausanne ressemble \u00e0 une mer de drapeaux remplie de jeunes athl\u00e8tes du monde entier et de citoyens de la ville et de la r\u00e9gion qui rayonnent sur tous leurs visages et qui font la f\u00eate. Les Vaudois, le Comit\u00e9 des Jeux Olympiques de la Jeunesse d&#8217;hiver et <a href=\"https:\/\/staging.mobimofmservice.ch\/fr\">Mobimo FM Service SA<\/a> peuvent \u00eatre satisfaits et fiers de ce qu&#8217;ils ont accompli. Non seulement le temps pendant l&#8217;\u00e9v\u00e9nement, mais aussi le temps intensif de planification et de pr\u00e9paration seront honor\u00e9s en agitant des drapeaux lors de la c\u00e9r\u00e9monie de cl\u00f4ture.<\/p>\n<h3><strong>Un mod\u00e8le pour les \u00e9v\u00e9nements sportifs durables<\/strong><\/h3>\n<p>En raison des exc\u00e8s de d\u00e9penses pass\u00e9s dans l&#8217;organisation des Jeux olympiques, le <a href=\"https:\/\/www.olympic.org\/the-ioc\">Comit\u00e9 international olympique<\/a> a d\u00e9cid\u00e9 ces derni\u00e8res ann\u00e9es de mettre davantage l&#8217;accent sur la durabilit\u00e9 et la minimisation des co\u00fbts lors de l&#8217;attribution des sites. Le comit\u00e9 d&#8217;organisation des Jeux olympiques de la jeunesse a fait un travail de pionnier : &#8220;Des jeux nouveaux et intelligents qui s&#8217;adaptent \u00e0 leur r\u00e9gion et contribuent \u00e0 son d\u00e9veloppement \u00e0 long terme&#8221;, d\u00e9clare Ian Logan, directeur g\u00e9n\u00e9ral de <a href=\"https:\/\/www.lausanne2020.sport\/fr\">Lausanne 2020<\/a>, en r\u00e9sumant la planification et la r\u00e9alisation des Jeux.<\/p>\n<p>Jusqu&#8217;\u00e0 80 % des repr\u00e9sentants des d\u00e9l\u00e9gations ont utilis\u00e9 les transports publics pour se rendre sur les lieux. L&#8217;utilisation des transports publics comme principal moyen de transport a \u00e9t\u00e9 une premi\u00e8re et une vitrine pour de futurs grands \u00e9v\u00e9nements. Les transports publics de la r\u00e9gion lausannoise (<a href=\"https:\/\/www.t-l.ch\/\">tl<\/a>) ont transport\u00e9 30 % de personnes en plus et le dimanche m\u00eame 60 % de passagers en plus qu&#8217;\u00e0 la m\u00eame \u00e9poque l&#8217;ann\u00e9e derni\u00e8re. Gr\u00e2ce \u00e0 la d\u00e9termination et \u00e0 la coop\u00e9ration des soci\u00e9t\u00e9s de transport <a href=\"https:\/\/www.t-l.ch\/\">tl<\/a>, <a href=\"https:\/\/www.sbb.ch\/fr\/home.html\">SBB<\/a>, <a href=\"https:\/\/tpc.ch\/\">tpc<\/a>, <a href=\"https:\/\/www.travys.ch\/\">Travys<\/a> et <a href=\"https:\/\/www.region-du-leman.ch\/fr\/P1166\/chemin-de-fer-nyon-st-cergue-la-cure-nstcm\">NStCM<\/a>, les transports publics de la r\u00e9gion ont fonctionn\u00e9 sans probl\u00e8me.<\/p>\n<p>Le symbole cl\u00e9 <a href=\"https:\/\/www.lausanne2020.sport\/fr\">Lausanne 2020<\/a> qui symbolise la durabilit\u00e9 est le <a href=\"https:\/\/www.cpev.ch\/immobilier\/vortex\">Vortex<\/a>. Pendant les Jeux, &#8220;<a href=\"https:\/\/www.cpev.ch\/immobilier\/vortex\">Vortex<\/a>&#8221; &#8211; traduit un tourbillon &#8211; \u00e9tait le village olympique pour les athl\u00e8tes et leurs d\u00e9l\u00e9gations. Pour la premi\u00e8re fois dans l&#8217;histoire des Jeux Olympiques de la Jeunesse, tous les athl\u00e8tes et les entra\u00eeneurs ont v\u00e9cu sous le m\u00eame toit. Apr\u00e8s des modifications minimes, le <a href=\"https:\/\/www.cpev.ch\/immobilier\/vortex\">Vortex<\/a> sera converti en un complexe pour \u00e9tudiants apr\u00e8s l&#8217;\u00e9v\u00e9nement sportif et comprendra \u00e0 terme 712 appartements pour environ 1&#8217;000 \u00e9tudiants et invit\u00e9s de l&#8217;universit\u00e9. En compl\u00e9ment des locaux d&#8217;habitation, le rez-de-chauss\u00e9e comprendra des espaces pour les restaurants, une cr\u00e8che, des salles de conf\u00e9rence, des magasins et des salons.<\/p>\n<p>Le comit\u00e9 d&#8217;organisation, dirig\u00e9 par l&#8217;ancienne athl\u00e8te de ski freestyle <a href=\"http:\/\/www.virginiefaivre.com\/pages\/home.html\">Virginie Faivre<\/a>, a r\u00e9ussi non seulement \u00e0 propager la durabilit\u00e9 dans la planification, mais aussi \u00e0 la vivre r\u00e9ellement.<\/p>\n<h3><strong>Infobox<\/strong><\/h3>\n<p>La r\u00e9partition g\u00e9ographique des sites de comp\u00e9tition \u00e9tait unique. Pour int\u00e9grer le plus grand nombre de sports possible tout en r\u00e9duisant les co\u00fbts, <strong>aucune<\/strong> nouvelle installation n&#8217;a \u00e9t\u00e9 construite, mais des sites comme le lointain Saint-Moritz ou Les Tuffes en France ont \u00e9t\u00e9 int\u00e9gr\u00e9s.<\/p>\n<div id=\"attachment_1729\" style=\"width: 834px\" class=\"wp-caption aligncenter\"><a href=\"https:\/\/www.lausanne2020.sport\/de\/wettkampfstaetten\"><img loading=\"lazy\" decoding=\"async\" aria-describedby=\"caption-attachment-1729\" class=\" wp-image-1729\" src=\"https:\/\/staging.mobimofmservice.ch\/wp-content\/uploads\/2020\/04\/Lausanne-Mao-300x204.png\" alt=\"\" width=\"824\" height=\"560\" srcset=\"https:\/\/staging.mobimofmservice.ch\/wp-content\/uploads\/2020\/04\/Lausanne-Mao-300x204.png 300w, https:\/\/staging.mobimofmservice.ch\/wp-content\/uploads\/2020\/04\/Lausanne-Mao-768x522.png 768w, https:\/\/staging.mobimofmservice.ch\/wp-content\/uploads\/2020\/04\/Lausanne-Mao-1024x696.png 1024w, https:\/\/staging.mobimofmservice.ch\/wp-content\/uploads\/2020\/04\/Lausanne-Mao-220x150.png 220w, https:\/\/staging.mobimofmservice.ch\/wp-content\/uploads\/2020\/04\/Lausanne-Mao-1000x680.png 1000w, https:\/\/staging.mobimofmservice.ch\/wp-content\/uploads\/2020\/04\/Lausanne-Mao.png 1240w\" sizes=\"auto, (max-width: 824px) 100vw, 824px\" \/><\/a><p id=\"caption-attachment-1729\" class=\"wp-caption-text\">Sites des concours<\/p><\/div>\n<p>Quelques faits et chiffres sur les Jeux d&#8217;hiver de Lausanne :<\/p>\n<ul>\n<li>3800 volontaires<\/li>\n<li>1872 athl\u00e8tes (15-18 ans) de 79 pays diff\u00e9rents<\/li>\n<li>Huit sports et 16 disciplines sur huit sites de comp\u00e9tition<\/li>\n<li>350&#8217;000 visiteurs sur les sites des concours<\/li>\n<li>640&#8217;000 visiteurs aux concours et festivals<\/li>\n<\/ul>\n<h3><strong>Toutes les pi\u00e8ces du puzzle contribuent \u00e0 la r\u00e9ussite<\/strong><\/h3>\n<p>Depuis janvier 2019, les employ\u00e9s de <a href=\"https:\/\/staging.mobimofmservice.ch\/fr\">Mobimo FM Service SA<\/a> sont notamment responsables du &#8220;Quartier du <a href=\"https:\/\/flon.ch\/fr\/\">Flon<\/a>&#8221; &#8211; une surface d&#8217;environ 55 000 m2 &#8211; et assurent un service professionnel de t\u00f4t le matin \u00e0 tard le soir pour garantir la s\u00e9curit\u00e9 et la propret\u00e9 de ce quartier tr\u00e8s fr\u00e9quent\u00e9. Pendant les Jeux olympiques de la jeunesse d&#8217;hiver, <a href=\"https:\/\/staging.mobimofmservice.ch\/fr\">Mobimo FM Service SA<\/a> a apport\u00e9 un soutien professionnel et comp\u00e9tent \u00e0 l&#8217;\u00e9v\u00e9nement, en fournissant notamment des services tels que gestion de projet, d\u00e9neigement du site, nettoyage des b\u00e2timents et des lieux de travail, tri \u00e9cologique des d\u00e9chets et petits travaux manuels. Dans le centre des m\u00e9dias et sur la &#8220;Place des m\u00e9dailles&#8221; en particulier, les sp\u00e9cialistes ont mis leurs connaissances \u00e0 disposition et se sont investis corps et \u00e2me dans l&#8217;\u00e9v\u00e9nement. Quand, \u00e0 la fin d&#8217;une journ\u00e9e de comp\u00e9tition, la &#8220;Place des m\u00e9dailles&#8221; \u00e9tait c\u00e9l\u00e9br\u00e9e jusque tard dans la nuit, les collaborateurs FM \u00e9taient d\u00e9j\u00e0 sur place \u00e0 cinq heures le lendemain matin pour entretenir et nettoyer professionnellement la zone, afin que les visiteurs du quartier puissent retrouver des lieux et des rues propres. <a href=\"https:\/\/staging.mobimofmservice.ch\/fr\/?team=christophe-marin\">Christophe Marin<\/a>, directeur de la succursale Lausanne de <a href=\"https:\/\/staging.mobimofmservice.ch\/fr\/\">Mobimo FM Service SA<\/a>, a r\u00e9pondu \u00e0 ce qui a \u00e9t\u00e9 le plus grand d\u00e9fi pendant les deux semaines d&#8217;urgence : &#8220;La flexibilit\u00e9 et la communication. Lors d&#8217;\u00e9v\u00e9nements majeurs, l&#8217;impr\u00e9vu peut toujours se produire et, en tant que prestataire de services, il doit \u00eatre possible d&#8217;intervenir de mani\u00e8re flexible. En plus, il est essentiel de maintenir un bon flux de communication avec l&#8217;organisateur. Notre objectif est de satisfaire enti\u00e8rement nos clients. Si le client est satisfait, nous le sommes aussi&#8221;. <a href=\"https:\/\/staging.mobimofmservice.ch\/fr\/\">Mobimo FM Service SA<\/a> s&#8217;engage pour une gestion durable de l&#8217;\u00e9limination des d\u00e9chets et a re\u00e7u un <a href=\"https:\/\/staging.mobimofmservice.ch\/wp-content\/uploads\/2020\/03\/Certificat-Environnemental-2019-Pet-Recycling.pdf\">certificat environnemental<\/a> officiel de <a href=\"https:\/\/www.petrecycling.ch\/fr\/home\">PET-Recycling Suisse<\/a> pour 2019.<\/p>\n<div id=\"attachment_1744\" style=\"width: 779px\" class=\"wp-caption aligncenter\"><a href=\"https:\/\/www.olympic.org\/news\/lausanne-2020-in-numbers\"><img loading=\"lazy\" decoding=\"async\" aria-describedby=\"caption-attachment-1744\" class=\" wp-image-1744\" src=\"https:\/\/staging.mobimofmservice.ch\/wp-content\/uploads\/2020\/04\/2020-01-22-summary-thumbnail-300x170.jpg\" alt=\"\" width=\"769\" height=\"436\" srcset=\"https:\/\/staging.mobimofmservice.ch\/wp-content\/uploads\/2020\/04\/2020-01-22-summary-thumbnail-300x170.jpg 300w, https:\/\/staging.mobimofmservice.ch\/wp-content\/uploads\/2020\/04\/2020-01-22-summary-thumbnail-768x435.jpg 768w, https:\/\/staging.mobimofmservice.ch\/wp-content\/uploads\/2020\/04\/2020-01-22-summary-thumbnail-1024x580.jpg 1024w, https:\/\/staging.mobimofmservice.ch\/wp-content\/uploads\/2020\/04\/2020-01-22-summary-thumbnail-1280x725.jpg 1280w, https:\/\/staging.mobimofmservice.ch\/wp-content\/uploads\/2020\/04\/2020-01-22-summary-thumbnail-1000x566.jpg 1000w\" sizes=\"auto, (max-width: 769px) 100vw, 769px\" \/><\/a><p id=\"caption-attachment-1744\" class=\"wp-caption-text\">Impressions Lausanne 2020<\/p><\/div>\n<p><a href=\"https:\/\/www.lausanne2020.sport\/fr\">Lausanne 2020<\/a> a enthousiasm\u00e9 petits et grands sur le site du concours et en dehors de celui-ci. Gr\u00e2ce aux efforts des b\u00e9n\u00e9voles, des sportifs, des \u00e9coliers locaux et des employ\u00e9s de <a href=\"https:\/\/staging.mobimofmservice.ch\/fr\/\">Mobimo FM Service SA<\/a>, Lausanne a v\u00e9cu deux semaines inoubliables.<\/p>\n<p>A la fin, le chanteur et h\u00e9ros local <a href=\"https:\/\/bastianbaker.com\/\">Bastian Baker<\/a> a chauff\u00e9 la foule avec sa performance et a fait des adieux dignes au Festival de Lausanne &#8211; le <a href=\"https:\/\/flon.ch\/fr\/\">Flon<\/a> tremblait et un nuage de bonheur flottait au-dessus du quartier.<\/p>\n<pre>Auteur: Florian Weber<\/pre>\n","protected":false},"excerpt":{"rendered":"<p>Du 9 au 22 janvier, les Jeux Olympiques de la Jeunesse d&#8217;hiver ont envo\u00fbt\u00e9 Lausanne et sa r\u00e9gion. Lausanne 2020 a fait \u0153uvre de pionnier dans la planification des Jeux olympiques de la jeunesse d&#8217;hiver en organisant des jeux durables et intelligents. Mobimo FM Service SA a \u00e9galement jou\u00e9 son r\u00f4le en apportant ses services FM pour que tout se [&hellip;]<\/p>\n","protected":false},"author":9,"featured_media":1726,"comment_status":"closed","ping_status":"closed","sticky":false,"template":"","format":"standard","meta":{"inline_featured_image":false,"footnotes":""},"categories":[27],"tags":[49,54,46,50],"class_list":["post-1753","post","type-post","status-publish","format-standard","has-post-thumbnail","hentry","category-fm-fait-bouger","tag-flon-fr","tag-lausanne-2020","tag-mobimo-fm-service","tag-quartier-du-flon-fr"],"_links":{"self":[{"href":"https:\/\/staging.mobimofmservice.ch\/fr\/wp-json\/wp\/v2\/posts\/1753","targetHints":{"allow":["GET"]}}],"collection":[{"href":"https:\/\/staging.mobimofmservice.ch\/fr\/wp-json\/wp\/v2\/posts"}],"about":[{"href":"https:\/\/staging.mobimofmservice.ch\/fr\/wp-json\/wp\/v2\/types\/post"}],"author":[{"embeddable":true,"href":"https:\/\/staging.mobimofmservice.ch\/fr\/wp-json\/wp\/v2\/users\/9"}],"replies":[{"embeddable":true,"href":"https:\/\/staging.mobimofmservice.ch\/fr\/wp-json\/wp\/v2\/comments?post=1753"}],"version-history":[{"count":10,"href":"https:\/\/staging.mobimofmservice.ch\/fr\/wp-json\/wp\/v2\/posts\/1753\/revisions"}],"predecessor-version":[{"id":1770,"href":"https:\/\/staging.mobimofmservice.ch\/fr\/wp-json\/wp\/v2\/posts\/1753\/revisions\/1770"}],"wp:featuredmedia":[{"embeddable":true,"href":"https:\/\/staging.mobimofmservice.ch\/fr\/wp-json\/wp\/v2\/media\/1726"}],"wp:attachment":[{"href":"https:\/\/staging.mobimofmservice.ch\/fr\/wp-json\/wp\/v2\/media?parent=1753"}],"wp:term":[{"taxonomy":"category","embeddable":true,"href":"https:\/\/staging.mobimofmservice.ch\/fr\/wp-json\/wp\/v2\/categories?post=1753"},{"taxonomy":"post_tag","embeddable":true,"href":"https:\/\/staging.mobimofmservice.ch\/fr\/wp-json\/wp\/v2\/tags?post=1753"}],"curies":[{"name":"wp","href":"https:\/\/api.w.org\/{rel}","templated":true}]}}