{"id":3242,"date":"2023-06-28T09:28:38","date_gmt":"2023-06-28T07:28:38","guid":{"rendered":"https:\/\/staging.mobimofmservice.ch\/?p=3242"},"modified":"2025-11-12T08:20:32","modified_gmt":"2025-11-12T07:20:32","slug":"quotidiennement-pour-votre-confort-n3","status":"publish","type":"post","link":"https:\/\/staging.mobimofmservice.ch\/fr\/quotidiennement-pour-votre-confort-n3\/","title":{"rendered":"Quotidiennement pour votre confort | n\u00b03"},"content":{"rendered":"<p>[spb_text_block animation=&#8221;none&#8221; animation_delay=&#8221;0&#8243; simplified_controls=&#8221;yes&#8221; custom_css_percentage=&#8221;no&#8221; padding_vertical=&#8221;0&#8243; padding_horizontal=&#8221;0&#8243; margin_vertical=&#8221;0&#8243; custom_css=&#8221;margin-top: 0px;margin-bottom: 0px;&#8221; border_size=&#8221;0&#8243; border_styling_global=&#8221;default&#8221; width=&#8221;1\/1&#8243; el_position=&#8221;first last&#8221;]<\/p>\n<p>Dans notre s\u00e9rie vous recevez un aper\u00e7u de notre palette de services avec des impressions de nos collaborateurs. Aujourd&#8217;hui en focus :<\/p>\n<h3><strong>\u00abUne journ\u00e9e \u00e0 Beau-S\u00e9jour\u00bb avec <\/strong>Sandra Couto<\/h3>\n<div style=\"width: 1080px;\" class=\"wp-video\"><video class=\"wp-video-shortcode\" id=\"video-3242-1\" width=\"1080\" height=\"1080\" preload=\"metadata\" controls=\"controls\"><source type=\"video\/mp4\" src=\"https:\/\/staging.mobimofmservice.ch\/wp-content\/uploads\/2022\/09\/InShot_20220829_091743418.mp4?_=1\" \/><a href=\"https:\/\/staging.mobimofmservice.ch\/wp-content\/uploads\/2022\/09\/InShot_20220829_091743418.mp4\">https:\/\/staging.mobimofmservice.ch\/wp-content\/uploads\/2022\/09\/InShot_20220829_091743418.mp4<\/a><\/video><\/div>\n<p>&nbsp;<\/p>\n<p>Un bel immeuble de prestige avec de jolis espaces verts priv\u00e9s ou communs, pour le compte de plusieurs propri\u00e9taires. Un d\u00e9fi o\u00f9 nous recherchons quotidiennement l\u2019excellence dans des prestations vari\u00e9es pour le confort des habitants (cr\u00e8che, locataires, professionnels).<\/p>\n<p>Nous \u0153uvrons avec des machines modernes pour l\u2019entretien des communs et du parking, utilisons des produits de nettoyage \u00e9co-responsables et de l\u2019outillage \u00e9lectrique sur batterie pour tailler les haies et la tonte des pelouses par exemple.<\/p>\n<p>Notre collaboratrice d\u00e9veloppe toute son \u00e9nergie pour la plus grande satisfaction des habitants et nous mettons \u00e0 disposition un centre de collecte pour recycler et valoriser au mieux les d\u00e9chets.<\/p>\n<p>[\/spb_text_block] [spb_column col_animation=&#8221;none&#8221; col_animation_delay=&#8221;0&#8243; col_bg_type=&#8221;cover&#8221; col_parallax_image_movement=&#8221;fixed&#8221; col_parallax_image_speed=&#8221;0.5&#8243; col_padding=&#8221;0&#8243; col_vertical_offset=&#8221;0&#8243; col_horizontal_offset=&#8221;0&#8243; col_custom_zindex=&#8221;0&#8243; col_sm=&#8221;4&#8243; simplified_controls=&#8221;yes&#8221; custom_css_percentage=&#8221;no&#8221; padding_vertical=&#8221;0&#8243; padding_horizontal=&#8221;0&#8243; margin_vertical=&#8221;0&#8243; custom_css=&#8221;margin-top: 0px;margin-bottom: 0px;&#8221; border_styling_global=&#8221;default&#8221; width=&#8221;1\/3&#8243; el_position=&#8221;first&#8221;] [spb_text_block animation=&#8221;none&#8221; animation_delay=&#8221;0&#8243; simplified_controls=&#8221;yes&#8221; custom_css_percentage=&#8221;no&#8221; padding_vertical=&#8221;0&#8243; padding_horizontal=&#8221;0&#8243; margin_vertical=&#8221;0&#8243; custom_css=&#8221;margin-top: 0px;margin-bottom: 0px;&#8221; border_size=&#8221;0&#8243; border_styling_global=&#8221;default&#8221; width=&#8221;1\/1&#8243; el_position=&#8221;first last&#8221;]<\/p>\n<h4><em><strong>Sandra de plus pr\u00e8s<\/strong><\/em><\/h4>\n<p>[\/spb_text_block] [spb_image image=&#8221;3332&#8243; image_size=&#8221;full&#8221; frame=&#8221;noframe&#8221; caption_pos=&#8221;hover&#8221; remove_rounded=&#8221;yes&#8221; fullwidth=&#8221;no&#8221; overflow_mode=&#8221;none&#8221; link_target=&#8221;_self&#8221; lightbox=&#8221;no&#8221; intro_animation=&#8221;none&#8221; animation_delay=&#8221;200&#8243; width=&#8221;1\/1&#8243; el_position=&#8221;first last&#8221;][\/spb_image] [\/spb_column] [spb_text_block animation=&#8221;none&#8221; animation_delay=&#8221;0&#8243; simplified_controls=&#8221;yes&#8221; custom_css_percentage=&#8221;no&#8221; padding_vertical=&#8221;0&#8243; padding_horizontal=&#8221;0&#8243; margin_vertical=&#8221;0&#8243; custom_css=&#8221;margin-top: 0px;margin-bottom: 0px;&#8221; border_size=&#8221;0&#8243; border_styling_global=&#8221;default&#8221; width=&#8221;2\/3&#8243; el_position=&#8221;last&#8221;]<\/p>\n<h5>Qu&#8217;est-ce que tu appr\u00e9cies dans ton travail ?<\/h5>\n<p>Travail vari\u00e9 avec beaucoup d\u2019autonomie, un cahier de charges tr\u00e8s exigeant.<\/p>\n<h5>Quel est votre moment pr\u00e9f\u00e9r\u00e9 de la journ\u00e9e ?<\/h5>\n<p>T\u00f4t le matin je profite de la tranquillit\u00e9 pour nettoyer les ascenseurs, de croiser les locataires et de leur donner un sourire.<\/p>\n<h5>Raconte-moi quelque chose personnelle sur toi ?<\/h5>\n<p>J\u2019aime de lire et voyager, j\u2019aime recevoir \u00e0 la maison, cuisiner et partager des bons moments avec des amis et m&#8217;occuper de ma famille.<\/p>\n<p>[\/spb_text_block]<\/p>\n","protected":false},"excerpt":{"rendered":"<p>[spb_text_block animation=&#8221;none&#8221; animation_delay=&#8221;0&#8243; simplified_controls=&#8221;yes&#8221; custom_css_percentage=&#8221;no&#8221; padding_vertical=&#8221;0&#8243; padding_horizontal=&#8221;0&#8243; margin_vertical=&#8221;0&#8243; custom_css=&#8221;margin-top: 0px;margin-bottom: 0px;&#8221; border_size=&#8221;0&#8243; border_styling_global=&#8221;default&#8221; width=&#8221;1\/1&#8243; el_position=&#8221;first last&#8221;] Dans notre s\u00e9rie vous recevez un aper\u00e7u de notre palette de services avec des impressions de nos collaborateurs. Aujourd&#8217;hui en focus : \u00abUne journ\u00e9e \u00e0 Beau-S\u00e9jour\u00bb avec Sandra Couto &nbsp; Un bel immeuble de prestige avec de jolis espaces verts priv\u00e9s ou communs, pour [&hellip;]<\/p>\n","protected":false},"author":10,"featured_media":2875,"comment_status":"closed","ping_status":"closed","sticky":false,"template":"","format":"standard","meta":{"inline_featured_image":false,"footnotes":""},"categories":[104],"tags":[81,75,71,69],"class_list":["post-3242","post","type-post","status-publish","format-standard","has-post-thumbnail","hentry","category-fm-inside-2","tag-beau-sejour","tag-lausanne","tag-mobimo-fm-service-fr","tag-qualite"],"_links":{"self":[{"href":"https:\/\/staging.mobimofmservice.ch\/fr\/wp-json\/wp\/v2\/posts\/3242","targetHints":{"allow":["GET"]}}],"collection":[{"href":"https:\/\/staging.mobimofmservice.ch\/fr\/wp-json\/wp\/v2\/posts"}],"about":[{"href":"https:\/\/staging.mobimofmservice.ch\/fr\/wp-json\/wp\/v2\/types\/post"}],"author":[{"embeddable":true,"href":"https:\/\/staging.mobimofmservice.ch\/fr\/wp-json\/wp\/v2\/users\/10"}],"replies":[{"embeddable":true,"href":"https:\/\/staging.mobimofmservice.ch\/fr\/wp-json\/wp\/v2\/comments?post=3242"}],"version-history":[{"count":13,"href":"https:\/\/staging.mobimofmservice.ch\/fr\/wp-json\/wp\/v2\/posts\/3242\/revisions"}],"predecessor-version":[{"id":3523,"href":"https:\/\/staging.mobimofmservice.ch\/fr\/wp-json\/wp\/v2\/posts\/3242\/revisions\/3523"}],"wp:featuredmedia":[{"embeddable":true,"href":"https:\/\/staging.mobimofmservice.ch\/fr\/wp-json\/wp\/v2\/media\/2875"}],"wp:attachment":[{"href":"https:\/\/staging.mobimofmservice.ch\/fr\/wp-json\/wp\/v2\/media?parent=3242"}],"wp:term":[{"taxonomy":"category","embeddable":true,"href":"https:\/\/staging.mobimofmservice.ch\/fr\/wp-json\/wp\/v2\/categories?post=3242"},{"taxonomy":"post_tag","embeddable":true,"href":"https:\/\/staging.mobimofmservice.ch\/fr\/wp-json\/wp\/v2\/tags?post=3242"}],"curies":[{"name":"wp","href":"https:\/\/api.w.org\/{rel}","templated":true}]}}