{"id":3244,"date":"2022-10-04T13:34:54","date_gmt":"2022-10-04T11:34:54","guid":{"rendered":"https:\/\/staging.mobimofmservice.ch\/?p=3244"},"modified":"2025-11-12T08:21:24","modified_gmt":"2025-11-12T07:21:24","slug":"impressions-dautomne","status":"publish","type":"post","link":"https:\/\/staging.mobimofmservice.ch\/fr\/impressions-dautomne\/","title":{"rendered":"Impressions d&#8217;automne"},"content":{"rendered":"<p>[spb_text_block animation=&#8221;none&#8221; animation_delay=&#8221;0&#8243; simplified_controls=&#8221;yes&#8221; custom_css_percentage=&#8221;no&#8221; padding_vertical=&#8221;0&#8243; padding_horizontal=&#8221;0&#8243; margin_vertical=&#8221;0&#8243; custom_css=&#8221;margin-top: 0px;margin-bottom: 0px;&#8221; border_size=&#8221;0&#8243; border_styling_global=&#8221;default&#8221; width=&#8221;1\/1&#8243; el_position=&#8221;first last&#8221;]<\/p>\n<p>L&#8217;automne est arriv\u00e9 et avec lui, les magnifiques feuilles color\u00e9es sur les arbres et &#8211; sur le sol. D\u00e8s que les premi\u00e8res sont tomb\u00e9es, le travail commence pour nous. D\u00e9couvrez par vous-m\u00eame !<\/p>\n<div style=\"width: 1080px;\" class=\"wp-video\"><video class=\"wp-video-shortcode\" id=\"video-3244-1\" width=\"1080\" height=\"1080\" preload=\"metadata\" controls=\"controls\"><source type=\"video\/mp4\" src=\"https:\/\/staging.mobimofmservice.ch\/wp-content\/uploads\/2022\/05\/Herbstvideo-Winicius.mp4?_=1\" \/><a href=\"https:\/\/staging.mobimofmservice.ch\/wp-content\/uploads\/2022\/05\/Herbstvideo-Winicius.mp4\">https:\/\/staging.mobimofmservice.ch\/wp-content\/uploads\/2022\/05\/Herbstvideo-Winicius.mp4<\/a><\/video><\/div>\n<p>&nbsp;<\/p>\n<p>[\/spb_text_block]<\/p>\n","protected":false},"excerpt":{"rendered":"<p>[spb_text_block animation=&#8221;none&#8221; animation_delay=&#8221;0&#8243; simplified_controls=&#8221;yes&#8221; custom_css_percentage=&#8221;no&#8221; padding_vertical=&#8221;0&#8243; padding_horizontal=&#8221;0&#8243; margin_vertical=&#8221;0&#8243; custom_css=&#8221;margin-top: 0px;margin-bottom: 0px;&#8221; border_size=&#8221;0&#8243; border_styling_global=&#8221;default&#8221; width=&#8221;1\/1&#8243; el_position=&#8221;first last&#8221;] L&#8217;automne est arriv\u00e9 et avec lui, les magnifiques feuilles color\u00e9es sur les arbres et &#8211; sur le sol. D\u00e8s que les premi\u00e8res sont tomb\u00e9es, le travail commence pour nous. D\u00e9couvrez par vous-m\u00eame ! &nbsp; [\/spb_text_block]<\/p>\n","protected":false},"author":10,"featured_media":3360,"comment_status":"closed","ping_status":"closed","sticky":false,"template":"","format":"standard","meta":{"inline_featured_image":false,"footnotes":""},"categories":[27],"tags":[78,80,79,75,71,69],"class_list":["post-3244","post","type-post","status-publish","format-standard","has-post-thumbnail","hentry","category-fm-fait-bouger","tag-automne","tag-espaces-verts","tag-feuilles-colorees","tag-lausanne","tag-mobimo-fm-service-fr","tag-qualite"],"_links":{"self":[{"href":"https:\/\/staging.mobimofmservice.ch\/fr\/wp-json\/wp\/v2\/posts\/3244","targetHints":{"allow":["GET"]}}],"collection":[{"href":"https:\/\/staging.mobimofmservice.ch\/fr\/wp-json\/wp\/v2\/posts"}],"about":[{"href":"https:\/\/staging.mobimofmservice.ch\/fr\/wp-json\/wp\/v2\/types\/post"}],"author":[{"embeddable":true,"href":"https:\/\/staging.mobimofmservice.ch\/fr\/wp-json\/wp\/v2\/users\/10"}],"replies":[{"embeddable":true,"href":"https:\/\/staging.mobimofmservice.ch\/fr\/wp-json\/wp\/v2\/comments?post=3244"}],"version-history":[{"count":2,"href":"https:\/\/staging.mobimofmservice.ch\/fr\/wp-json\/wp\/v2\/posts\/3244\/revisions"}],"predecessor-version":[{"id":3268,"href":"https:\/\/staging.mobimofmservice.ch\/fr\/wp-json\/wp\/v2\/posts\/3244\/revisions\/3268"}],"wp:featuredmedia":[{"embeddable":true,"href":"https:\/\/staging.mobimofmservice.ch\/fr\/wp-json\/wp\/v2\/media\/3360"}],"wp:attachment":[{"href":"https:\/\/staging.mobimofmservice.ch\/fr\/wp-json\/wp\/v2\/media?parent=3244"}],"wp:term":[{"taxonomy":"category","embeddable":true,"href":"https:\/\/staging.mobimofmservice.ch\/fr\/wp-json\/wp\/v2\/categories?post=3244"},{"taxonomy":"post_tag","embeddable":true,"href":"https:\/\/staging.mobimofmservice.ch\/fr\/wp-json\/wp\/v2\/tags?post=3244"}],"curies":[{"name":"wp","href":"https:\/\/api.w.org\/{rel}","templated":true}]}}