{"id":3604,"date":"2024-01-09T16:48:40","date_gmt":"2024-01-09T15:48:40","guid":{"rendered":"https:\/\/staging.mobimofmservice.ch\/?p=3604"},"modified":"2024-01-09T17:05:47","modified_gmt":"2024-01-09T16:05:47","slug":"jubile-5-ans","status":"publish","type":"post","link":"https:\/\/staging.mobimofmservice.ch\/fr\/jubile-5-ans\/","title":{"rendered":"Jubil\u00e9 5 ans"},"content":{"rendered":"<p>Officiellement le 22 novembre 2018, Mobimo FM Service AG, dont le si\u00e8ge est \u00e0 K\u00fcsnacht, ouvrait sa premi\u00e8re succursale \u00e0 Lausanne.<\/p>\n<p>Le <strong>1<sup>er<\/sup> janvier 2019<\/strong>, Mobimo FM Service SA, succursale de Lausanne, d\u00e9bute ses activit\u00e9s physiquement dans le Quartier du Flon.<\/p>\n<p>Deux missions distinctes se d\u00e9tachent dans cette mission\u00a0:<\/p>\n<ul>\n<li>\u00a0L\u2019activit\u00e9 de la voirie tous les jours, y compris les samedis, dimanches et jours f\u00e9ri\u00e9s, de 5h \u00e0 midi, pour les espaces ouverts du Flon gr\u00e2ce \u00e0 deux machines professionnelles Boschung.<br \/>\nSont pr\u00e9sentes sur site, une balayeuse professionnelle Boschung ainsi qu\u2019une laveuse qui est \u00e9quip\u00e9e pour le salage et le d\u00e9neigement d\u2019octobre \u00e0 mai.<br \/>\nLa flotte de v\u00e9hicule de ce mandat est compl\u00e9t\u00e9e par un fourgon polyvalent et par un v\u00e9hicule \u00e9lectrique \u00ab le Glutton \u00bb pour l\u2019aspiration des d\u00e9chets.<\/li>\n<li>\u00a0L\u2019autre activit\u00e9 est la gestion de la propret\u00e9 dans les communs des b\u00e2timents. Chaque b\u00e2timent fait l\u2019objet d\u2019un cahier des charges et d\u2019un plan de nettoyage sp\u00e9cifique.<br \/>\nLa gestion des consommables des communs, ainsi que le remplacement des sources lumineuses est assur\u00e9 par cette \u00e9quipe de quatre collaborateurs.<\/li>\n<\/ul>\n<p>Le 1<sup>er<\/sup> octobre 2019, la succursale de Mobimo FM Service SA Lausanne reprenait aussi les activit\u00e9s de soft services pour les b\u00e2timents du secteur Hors-Flon.<\/p>\n<p>Un grand merci pour votre engagement sans limites, jour apr\u00e8s jour, que ce soit sous le soleil, dans la neige, avec la pluie ou le brouillard.<\/p>\n<p>Nous nous r\u00e9jouissons des 5 ann\u00e9es \u00e0 venir et de la poursuite de notre collaboration fructueuse.<\/p>\n","protected":false},"excerpt":{"rendered":"<p>Officiellement le 22 novembre 2018, Mobimo FM Service AG, dont le si\u00e8ge est \u00e0 K\u00fcsnacht, ouvrait sa premi\u00e8re succursale \u00e0 Lausanne. Le 1er janvier 2019, Mobimo FM Service SA, succursale de Lausanne, d\u00e9bute ses activit\u00e9s physiquement dans le Quartier du Flon. Deux missions distinctes se d\u00e9tachent dans cette mission\u00a0: \u00a0L\u2019activit\u00e9 de la voirie tous les jours, y compris les samedis, [&hellip;]<\/p>\n","protected":false},"author":1,"featured_media":3583,"comment_status":"closed","ping_status":"closed","sticky":false,"template":"","format":"standard","meta":{"inline_featured_image":false,"footnotes":""},"categories":[31],"tags":[49,89,75,71,70,69,50],"class_list":["post-3604","post","type-post","status-publish","format-standard","has-post-thumbnail","hentry","category-nouveautes-de-lentreprise","tag-flon-fr","tag-jubile","tag-lausanne","tag-mobimo-fm-service-fr","tag-nettoyage","tag-qualite","tag-quartier-du-flon-fr"],"_links":{"self":[{"href":"https:\/\/staging.mobimofmservice.ch\/fr\/wp-json\/wp\/v2\/posts\/3604","targetHints":{"allow":["GET"]}}],"collection":[{"href":"https:\/\/staging.mobimofmservice.ch\/fr\/wp-json\/wp\/v2\/posts"}],"about":[{"href":"https:\/\/staging.mobimofmservice.ch\/fr\/wp-json\/wp\/v2\/types\/post"}],"author":[{"embeddable":true,"href":"https:\/\/staging.mobimofmservice.ch\/fr\/wp-json\/wp\/v2\/users\/1"}],"replies":[{"embeddable":true,"href":"https:\/\/staging.mobimofmservice.ch\/fr\/wp-json\/wp\/v2\/comments?post=3604"}],"version-history":[{"count":1,"href":"https:\/\/staging.mobimofmservice.ch\/fr\/wp-json\/wp\/v2\/posts\/3604\/revisions"}],"predecessor-version":[{"id":3605,"href":"https:\/\/staging.mobimofmservice.ch\/fr\/wp-json\/wp\/v2\/posts\/3604\/revisions\/3605"}],"wp:featuredmedia":[{"embeddable":true,"href":"https:\/\/staging.mobimofmservice.ch\/fr\/wp-json\/wp\/v2\/media\/3583"}],"wp:attachment":[{"href":"https:\/\/staging.mobimofmservice.ch\/fr\/wp-json\/wp\/v2\/media?parent=3604"}],"wp:term":[{"taxonomy":"category","embeddable":true,"href":"https:\/\/staging.mobimofmservice.ch\/fr\/wp-json\/wp\/v2\/categories?post=3604"},{"taxonomy":"post_tag","embeddable":true,"href":"https:\/\/staging.mobimofmservice.ch\/fr\/wp-json\/wp\/v2\/tags?post=3604"}],"curies":[{"name":"wp","href":"https:\/\/api.w.org\/{rel}","templated":true}]}}