{"id":5193,"date":"2026-03-03T08:00:18","date_gmt":"2026-03-03T07:00:18","guid":{"rendered":"https:\/\/staging.mobimofmservice.ch\/?p=5193"},"modified":"2026-02-16T12:18:02","modified_gmt":"2026-02-16T11:18:02","slug":"quotidiennement-pour-votre-confort-n4","status":"publish","type":"post","link":"https:\/\/staging.mobimofmservice.ch\/fr\/quotidiennement-pour-votre-confort-n4\/","title":{"rendered":"Quotidiennement pour votre confort | n\u00b04"},"content":{"rendered":"<p>[spb_text_block animation=&#8221;none&#8221; animation_delay=&#8221;0&#8243; simplified_controls=&#8221;yes&#8221; custom_css_percentage=&#8221;no&#8221; padding_vertical=&#8221;0&#8243; padding_horizontal=&#8221;0&#8243; margin_vertical=&#8221;0&#8243; custom_css=&#8221;margin-top: 0px;margin-bottom: 0px;&#8221; border_size=&#8221;0&#8243; border_styling_global=&#8221;default&#8221; width=&#8221;1\/1&#8243; el_position=&#8221;first last&#8221;]<\/p>\n<p>Dans notre s\u00e9rie vous recevez un aper\u00e7u de notre palette de services avec des impressions de nos collaborateurs. Aujourd&#8217;hui en focus :<\/p>\n<h3><strong>\u00abUne journ\u00e9e dans le Flon\u00bb avec Jos\u00e9 Pais<\/strong><\/h3>\n<div style=\"width: 1080px;\" class=\"wp-video\"><video class=\"wp-video-shortcode\" id=\"video-5193-1\" width=\"1080\" height=\"720\" preload=\"metadata\" controls=\"controls\"><source type=\"video\/mp4\" src=\"https:\/\/staging.mobimofmservice.ch\/wp-content\/uploads\/2026\/02\/Ein-Tag-mit-Jose-Pais-neu.mp4?_=1\" \/><a href=\"https:\/\/staging.mobimofmservice.ch\/wp-content\/uploads\/2026\/02\/Ein-Tag-mit-Jose-Pais-neu.mp4\">https:\/\/staging.mobimofmservice.ch\/wp-content\/uploads\/2026\/02\/Ein-Tag-mit-Jose-Pais-neu.mp4<\/a><\/video><\/div>\n<p>Au c\u0153ur du quartier anim\u00e9 du Flon \u00e0 Lausanne, un lieu r\u00e9put\u00e9 pour ses boutiques, ses caf\u00e9s, ses restaurants et ses bureaux pendant la journ\u00e9e, et qui devient l&#8217;un des quartiers les plus branch\u00e9s pour ses bars et ses clubs la nuit, il y a toujours beaucoup d&#8217;activit\u00e9.<\/p>\n<p>Entre architecture moderne, lumi\u00e8res color\u00e9es et vie urbaine anim\u00e9e, nos \u00e9quipes sont \u00e0 pied d&#8217;\u0153uvre chaque jour pour que ce quartier unique conserve l&#8217;aspect et le fonctionnement que l&#8217;on conna\u00eet et appr\u00e9cie.<\/p>\n<p>Afin que le quartier du Flon reste propre, s\u00fbr et accueillant pour les visiteurs, nos collaborateurs accomplissent une multitude de t\u00e2ches importantes : des contr\u00f4les techniques en hauteur sur les terrasses, l&#8217;\u00e9limination des d\u00e9chets, le nettoyage des b\u00e2timents, des ext\u00e9rieurs, des fen\u00eatres et \u00e0 haute pression, jusqu&#8217;aux petites t\u00e2ches quotidiennes, mais n\u00e9anmoins essentielles.<\/p>\n<p>Avec leur engagement, leur savoir-faire et leur sourire, ils veillent \u00e0 ce que ce quartier anim\u00e9 soit entretenu de mani\u00e8re optimale, pour le plus grand b\u00e9n\u00e9fice de tous ceux qui y travaillent, y vivent ou viennent simplement profiter de son atmosph\u00e8re particuli\u00e8re.<\/p>\n<p>[\/spb_text_block] [spb_column col_animation=&#8221;none&#8221; col_animation_delay=&#8221;0&#8243; col_bg_type=&#8221;cover&#8221; col_parallax_image_movement=&#8221;fixed&#8221; col_parallax_image_speed=&#8221;0.5&#8243; col_padding=&#8221;0&#8243; col_vertical_offset=&#8221;0&#8243; col_horizontal_offset=&#8221;0&#8243; col_custom_zindex=&#8221;0&#8243; col_sm=&#8221;4&#8243; simplified_controls=&#8221;yes&#8221; custom_css_percentage=&#8221;no&#8221; padding_vertical=&#8221;0&#8243; padding_horizontal=&#8221;0&#8243; margin_vertical=&#8221;0&#8243; custom_css=&#8221;margin-top: 0px;margin-bottom: 0px;&#8221; border_styling_global=&#8221;default&#8221; width=&#8221;1\/3&#8243; el_position=&#8221;first&#8221;] [spb_text_block animation=&#8221;none&#8221; animation_delay=&#8221;0&#8243; simplified_controls=&#8221;yes&#8221; custom_css_percentage=&#8221;no&#8221; padding_vertical=&#8221;0&#8243; padding_horizontal=&#8221;0&#8243; margin_vertical=&#8221;0&#8243; custom_css=&#8221;margin-top: 0px;margin-bottom: 0px;&#8221; border_size=&#8221;0&#8243; border_styling_global=&#8221;default&#8221; width=&#8221;1\/1&#8243; el_position=&#8221;first last&#8221;]<\/p>\n<h4><em><strong>Jos\u00e9 de plus pr\u00e8s<\/strong><\/em><\/h4>\n<p>[\/spb_text_block] [spb_image image=&#8221;5195&#8243; image_size=&#8221;full&#8221; frame=&#8221;noframe&#8221; caption_pos=&#8221;hover&#8221; remove_rounded=&#8221;yes&#8221; fullwidth=&#8221;no&#8221; overflow_mode=&#8221;none&#8221; link_target=&#8221;_self&#8221; lightbox=&#8221;no&#8221; intro_animation=&#8221;none&#8221; animation_delay=&#8221;200&#8243; width=&#8221;1\/1&#8243; el_position=&#8221;first last&#8221;][\/spb_image] [\/spb_column] [spb_text_block animation=&#8221;none&#8221; animation_delay=&#8221;0&#8243; simplified_controls=&#8221;yes&#8221; custom_css_percentage=&#8221;no&#8221; padding_vertical=&#8221;0&#8243; padding_horizontal=&#8221;0&#8243; margin_vertical=&#8221;0&#8243; custom_css=&#8221;margin-top: 0px;margin-bottom: 0px;&#8221; border_size=&#8221;0&#8243; border_styling_global=&#8221;default&#8221; width=&#8221;2\/3&#8243; el_position=&#8221;last&#8221;]<\/p>\n<h5>Qu&#8217;est-ce que tu appr\u00e9cies dans ton travail ?<\/h5>\n<p style=\"margin: 0cm 0cm 10.5pt 0cm;\"><span style=\"font-size: 15.0pt; font-family: 'Times New Roman',serif;\">Ce que j&#8217;appr\u00e9cie dans mon travail, c&#8217;est le sentiment de satisfaction que je ressens lorsque tout est propre et rang\u00e9. J&#8217;appr\u00e9cie de voir le r\u00e9sultat de mes efforts : un espace agr\u00e9able o\u00f9 il fait bon vivre. Le m\u00e9tier de concierge est un m\u00e9tier concret et utile, et j&#8217;appr\u00e9cie de savoir que mon travail contribue au bien-\u00eatre des autres.<\/span><\/p>\n<h5>Quel est votre moment pr\u00e9f\u00e9r\u00e9 de la journ\u00e9e ?<\/h5>\n<p style=\"margin: 0cm 0cm 9.0pt 0cm;\"><span style=\"font-size: 15.0pt; font-family: 'Times New Roman',serif;\">Mon moment pr\u00e9f\u00e9r\u00e9 est lorsque j&#8217;ai nettoy\u00e9 une pi\u00e8ce et que je peux observer la diff\u00e9rence avant\/apr\u00e8s. C&#8217;est tr\u00e8s gratifiant de se dire : \u00ab J&#8217;ai accompli cela, et maintenant, tout est impeccable. \u00bb J&#8217;appr\u00e9cie \u00e9galement le calme du matin, lorsque je peux travailler tranquillement avant que l&#8217;endroit ne s&#8217;anime.<\/span><\/p>\n<h5>Raconte-moi quelque chose personnelle sur toi ?<\/h5>\n<p><span style=\"font-size: 15.0pt; font-family: 'Times New Roman',serif;\">Je suis quelqu\u2019un de minutieux et j\u2019aime que les choses soient bien faites. M\u00eame chez moi, j\u2019aime quand tout est propre et en ordre &#8211; \u00e7a me met de bonne humeur. Je suis aussi une personne fiable : on peut compter sur moi pour que le travail soit fait s\u00e9rieusement.<\/span><\/p>\n<p>[\/spb_text_block]<\/p>\n","protected":false},"excerpt":{"rendered":"<p>[spb_text_block animation=&#8221;none&#8221; animation_delay=&#8221;0&#8243; simplified_controls=&#8221;yes&#8221; custom_css_percentage=&#8221;no&#8221; padding_vertical=&#8221;0&#8243; padding_horizontal=&#8221;0&#8243; margin_vertical=&#8221;0&#8243; custom_css=&#8221;margin-top: 0px;margin-bottom: 0px;&#8221; border_size=&#8221;0&#8243; border_styling_global=&#8221;default&#8221; width=&#8221;1\/1&#8243; el_position=&#8221;first last&#8221;] Dans notre s\u00e9rie vous recevez un aper\u00e7u de notre palette de services avec des impressions de nos collaborateurs. Aujourd&#8217;hui en focus : \u00abUne journ\u00e9e dans le Flon\u00bb avec Jos\u00e9 Pais Au c\u0153ur du quartier anim\u00e9 du Flon \u00e0 Lausanne, un lieu r\u00e9put\u00e9 pour ses [&hellip;]<\/p>\n","protected":false},"author":10,"featured_media":2875,"comment_status":"closed","ping_status":"closed","sticky":false,"template":"","format":"standard","meta":{"inline_featured_image":false,"footnotes":""},"categories":[104],"tags":[81,75,71,69],"class_list":["post-5193","post","type-post","status-publish","format-standard","has-post-thumbnail","hentry","category-fm-inside-2","tag-beau-sejour","tag-lausanne","tag-mobimo-fm-service-fr","tag-qualite"],"_links":{"self":[{"href":"https:\/\/staging.mobimofmservice.ch\/fr\/wp-json\/wp\/v2\/posts\/5193","targetHints":{"allow":["GET"]}}],"collection":[{"href":"https:\/\/staging.mobimofmservice.ch\/fr\/wp-json\/wp\/v2\/posts"}],"about":[{"href":"https:\/\/staging.mobimofmservice.ch\/fr\/wp-json\/wp\/v2\/types\/post"}],"author":[{"embeddable":true,"href":"https:\/\/staging.mobimofmservice.ch\/fr\/wp-json\/wp\/v2\/users\/10"}],"replies":[{"embeddable":true,"href":"https:\/\/staging.mobimofmservice.ch\/fr\/wp-json\/wp\/v2\/comments?post=5193"}],"version-history":[{"count":6,"href":"https:\/\/staging.mobimofmservice.ch\/fr\/wp-json\/wp\/v2\/posts\/5193\/revisions"}],"predecessor-version":[{"id":5289,"href":"https:\/\/staging.mobimofmservice.ch\/fr\/wp-json\/wp\/v2\/posts\/5193\/revisions\/5289"}],"wp:featuredmedia":[{"embeddable":true,"href":"https:\/\/staging.mobimofmservice.ch\/fr\/wp-json\/wp\/v2\/media\/2875"}],"wp:attachment":[{"href":"https:\/\/staging.mobimofmservice.ch\/fr\/wp-json\/wp\/v2\/media?parent=5193"}],"wp:term":[{"taxonomy":"category","embeddable":true,"href":"https:\/\/staging.mobimofmservice.ch\/fr\/wp-json\/wp\/v2\/categories?post=5193"},{"taxonomy":"post_tag","embeddable":true,"href":"https:\/\/staging.mobimofmservice.ch\/fr\/wp-json\/wp\/v2\/tags?post=5193"}],"curies":[{"name":"wp","href":"https:\/\/api.w.org\/{rel}","templated":true}]}}